{"viewingHint":"paged","service":[],"structures":[],"sequences":[{"canvases":[{"height":1041,"width":1635,"images":[{"resource":{"service":{"profile":"http://iiif.io/api/image/2/level2.json","@context":"http://iiif.io/api/image/2/context.json","@id":"https://archiv.vgben.de/i3f/v20/171967"},"format":"image/jpeg","height":636,"width":1000,"@id":"https://archiv.vgben.de/download/webcache/1000/171967","@type":"dctypes:Image"},"on":"https://archiv.vgben.de/i3f/v20/171899/canvas/171967","motivation":"sc:painting","@id":"https://archiv.vgben.de/i3f/v20/171899/annotation/171967","@type":"oa:Annotation"}],"label":"[1]","@id":"https://archiv.vgben.de/i3f/v20/171899/canvas/171967","@type":"sc:Canvas"},{"height":1055,"width":1650,"images":[{"resource":{"service":{"profile":"http://iiif.io/api/image/2/level2.json","@context":"http://iiif.io/api/image/2/context.json","@id":"https://archiv.vgben.de/i3f/v20/171968"},"format":"image/jpeg","height":639,"width":1000,"@id":"https://archiv.vgben.de/download/webcache/1000/171968","@type":"dctypes:Image"},"on":"https://archiv.vgben.de/i3f/v20/171899/canvas/171968","motivation":"sc:painting","@id":"https://archiv.vgben.de/i3f/v20/171899/annotation/171968","@type":"oa:Annotation"}],"label":"[2]","@id":"https://archiv.vgben.de/i3f/v20/171899/canvas/171968","@type":"sc:Canvas"}],"viewingHint":"paged","startCanvas":"https://archiv.vgben.de/i3f/v20/171899/canvas/171967","viewingDirection":"left-to-right","label":"Current Page Order","@context":"http://iiif.io/api/presentation/2/context.json","@id":"https://archiv.vgben.de/i3f/v20/171899/sequence/normal","@type":"sc:Sequence"}],"label":"1. Bad Ems: 1.5.7 Kurgarten, 975: Kurgarten mit Springbrunnen","thumbnail":{"width":304,"height":193,"@id":"https://archiv.vgben.de/i3f/v21/171967/full/304/0/default.jpg","@type":"dctypes:Image","format":"image/jpeg"},"logo":{"@id":"https://archiv.vgben.de/domainresource/static/graphics/connectors/viewerLogo.gif","service":{"profile":"http://iiif.io/api/image/2/level2.json","@context":"http://iiif.io/api/image/2/context.json","@id":""}},"@context":"http://iiif.io/api/presentation/2/context.json","seeAlso":{"format":"application/xml","@id":"https://archiv.vgben.de/oai?verb=GetRecord&metadataPrefix=mets&identifier=171899","label":"METS"},"@id":"https://archiv.vgben.de/i3f/v20/171899/manifest","@type":"sc:Manifest","metadata":[{"value":"1. Bad Ems","label":"\u00dcbergeordneter Bestand"},{"value":"Bremer Karl Rudolf Verlag K\u00f6ln [Provenienz] ","label":"K\u00f6rperschaft"},{"value":"um 1920","label":"Entstehung"},{"value":"975","label":"Signatur"}]}