{"viewingHint":"paged","service":[],"structures":[],"sequences":[{"canvases":[{"height":849,"width":1319,"images":[{"resource":{"service":{"profile":"http://iiif.io/api/image/2/level2.json","@context":"http://iiif.io/api/image/2/context.json","@id":"https://archiv.vgben.de/i3f/v20/204426"},"format":"image/jpeg","height":643,"width":1000,"@id":"https://archiv.vgben.de/download/webcache/1000/204426","@type":"dctypes:Image"},"on":"https://archiv.vgben.de/i3f/v20/204418/canvas/204426","motivation":"sc:painting","@id":"https://archiv.vgben.de/i3f/v20/204418/annotation/204426","@type":"oa:Annotation"}],"label":"[1]","@id":"https://archiv.vgben.de/i3f/v20/204418/canvas/204426","@type":"sc:Canvas"},{"height":1052,"width":1627,"images":[{"resource":{"service":{"profile":"http://iiif.io/api/image/2/level2.json","@context":"http://iiif.io/api/image/2/context.json","@id":"https://archiv.vgben.de/i3f/v20/204427"},"format":"image/jpeg","height":646,"width":1000,"@id":"https://archiv.vgben.de/download/webcache/1000/204427","@type":"dctypes:Image"},"on":"https://archiv.vgben.de/i3f/v20/204418/canvas/204427","motivation":"sc:painting","@id":"https://archiv.vgben.de/i3f/v20/204418/annotation/204427","@type":"oa:Annotation"}],"label":"[2]","@id":"https://archiv.vgben.de/i3f/v20/204418/canvas/204427","@type":"sc:Canvas"}],"viewingHint":"paged","startCanvas":"https://archiv.vgben.de/i3f/v20/204418/canvas/204426","viewingDirection":"left-to-right","label":"Current Page Order","@context":"http://iiif.io/api/presentation/2/context.json","@id":"https://archiv.vgben.de/i3f/v20/204418/sequence/normal","@type":"sc:Sequence"}],"label":"1.3. Stra\u00dfen: 1160: Viktoriaallee mit Hochwasser","thumbnail":{"width":304,"height":195,"@id":"https://archiv.vgben.de/i3f/v21/204426/full/304/0/default.jpg","@type":"dctypes:Image","format":"image/jpeg"},"logo":{"@id":"https://archiv.vgben.de/domainresource/static/graphics/connectors/viewerLogo.gif","service":{"profile":"http://iiif.io/api/image/2/level2.json","@context":"http://iiif.io/api/image/2/context.json","@id":""}},"@context":"http://iiif.io/api/presentation/2/context.json","seeAlso":{"format":"application/xml","@id":"https://archiv.vgben.de/oai?verb=GetRecord&metadataPrefix=mets&identifier=204418","label":"METS"},"@id":"https://archiv.vgben.de/i3f/v20/204418/manifest","@type":"sc:Manifest","metadata":[{"value":"1.3. Stra\u00dfen","label":"\u00dcbergeordneter Bestand"},{"value":"Goebel Julius Fotograf Bad Ems [Provenienz] ","label":"K\u00f6rperschaft"},{"value":"1909","label":"Entstehung"},{"value":"1160","label":"Signatur"},{"value":"Bestand F Nr. 353","label":"Verweis"}]}