{"viewingHint":"paged","service":[],"structures":[],"sequences":[{"canvases":[{"height":1050,"width":1631,"images":[{"resource":{"service":{"profile":"http://iiif.io/api/image/2/level2.json","@context":"http://iiif.io/api/image/2/context.json","@id":"https://archiv.vgben.de/i3f/v20/204437"},"format":"image/jpeg","height":643,"width":1000,"@id":"https://archiv.vgben.de/download/webcache/1000/204437","@type":"dctypes:Image"},"on":"https://archiv.vgben.de/i3f/v20/204424/canvas/204437","motivation":"sc:painting","@id":"https://archiv.vgben.de/i3f/v20/204424/annotation/204437","@type":"oa:Annotation"}],"label":"[1]","@id":"https://archiv.vgben.de/i3f/v20/204424/canvas/204437","@type":"sc:Canvas"},{"height":1047,"width":1629,"images":[{"resource":{"service":{"profile":"http://iiif.io/api/image/2/level2.json","@context":"http://iiif.io/api/image/2/context.json","@id":"https://archiv.vgben.de/i3f/v20/204438"},"format":"image/jpeg","height":642,"width":1000,"@id":"https://archiv.vgben.de/download/webcache/1000/204438","@type":"dctypes:Image"},"on":"https://archiv.vgben.de/i3f/v20/204424/canvas/204438","motivation":"sc:painting","@id":"https://archiv.vgben.de/i3f/v20/204424/annotation/204438","@type":"oa:Annotation"}],"label":"[2]","@id":"https://archiv.vgben.de/i3f/v20/204424/canvas/204438","@type":"sc:Canvas"}],"viewingHint":"paged","startCanvas":"https://archiv.vgben.de/i3f/v20/204424/canvas/204437","viewingDirection":"left-to-right","label":"Current Page Order","@context":"http://iiif.io/api/presentation/2/context.json","@id":"https://archiv.vgben.de/i3f/v20/204424/sequence/normal","@type":"sc:Sequence"}],"label":"1.3. Stra\u00dfen: 1169: Bleichstra\u00dfe bei Herbels-M\u00fchle bei Hochwasser des Emsbaches","thumbnail":{"width":304,"height":195,"@id":"https://archiv.vgben.de/i3f/v21/204437/full/304/0/default.jpg","@type":"dctypes:Image","format":"image/jpeg"},"logo":{"@id":"https://archiv.vgben.de/domainresource/static/graphics/connectors/viewerLogo.gif","service":{"profile":"http://iiif.io/api/image/2/level2.json","@context":"http://iiif.io/api/image/2/context.json","@id":""}},"@context":"http://iiif.io/api/presentation/2/context.json","seeAlso":{"format":"application/xml","@id":"https://archiv.vgben.de/oai?verb=GetRecord&metadataPrefix=mets&identifier=204424","label":"METS"},"@id":"https://archiv.vgben.de/i3f/v20/204424/manifest","@type":"sc:Manifest","metadata":[{"value":"1.3. Stra\u00dfen","label":"\u00dcbergeordneter Bestand"},{"value":"Grubenbahnschienen der Emser Blei- und Silberwerke.","label":"Zusammenfassung"},{"value":"Goebel Julius Fotograf Bad Ems [Provenienz] ","label":"K\u00f6rperschaft"},{"value":"1909","label":"Entstehung"},{"value":"1169","label":"Signatur"},{"value":"Bestand F Nr. 379","label":"Verweis"}]}