{"viewingHint":"paged","service":[],"structures":[],"sequences":[{"canvases":[{"height":1345,"width":1803,"images":[{"resource":{"service":{"profile":"http://iiif.io/api/image/2/level2.json","@context":"http://iiif.io/api/image/2/context.json","@id":"https://archiv.vgben.de/i3f/v20/210488"},"format":"image/jpeg","height":745,"width":1000,"@id":"https://archiv.vgben.de/download/webcache/1000/210488","@type":"dctypes:Image"},"on":"https://archiv.vgben.de/i3f/v20/210393/canvas/210488","motivation":"sc:painting","@id":"https://archiv.vgben.de/i3f/v20/210393/annotation/210488","@type":"oa:Annotation"}],"label":"[1]","@id":"https://archiv.vgben.de/i3f/v20/210393/canvas/210488","@type":"sc:Canvas"}],"viewingHint":"paged","startCanvas":"https://archiv.vgben.de/i3f/v20/210393/canvas/210488","viewingDirection":"left-to-right","label":"Current Page Order","@context":"http://iiif.io/api/presentation/2/context.json","@id":"https://archiv.vgben.de/i3f/v20/210393/sequence/normal","@type":"sc:Sequence"}],"label":"346: Hochwasser Bad Ems - Grabenstra\u00dfe","thumbnail":{"width":304,"height":226,"@id":"https://archiv.vgben.de/i3f/v21/210488/full/304/0/default.jpg","@type":"dctypes:Image","format":"image/jpeg"},"logo":{"@id":"https://archiv.vgben.de/domainresource/static/graphics/connectors/viewerLogo.gif","service":{"profile":"http://iiif.io/api/image/2/level2.json","@context":"http://iiif.io/api/image/2/context.json","@id":""}},"@context":"http://iiif.io/api/presentation/2/context.json","seeAlso":{"format":"application/xml","@id":"https://archiv.vgben.de/oai?verb=GetRecord&metadataPrefix=mets&identifier=210393","label":"METS"},"@id":"https://archiv.vgben.de/i3f/v20/210393/manifest","@type":"sc:Manifest","metadata":[{"value":"Schneiderei Jakob Arnst Grabenstra\u00dfe Nr. 15.- Metzgerei Heinrich Paul Grabenstra\u00dfe Nr. 11.- Waschanstalt.","label":"Zusammenfassung"},{"value":"Goebel Julius Fotograf Bad Ems [Provenienz] ","label":"K\u00f6rperschaft"},{"value":"Februar 1909","label":"Entstehung"},{"value":"1 Foto S/W Pos.","label":"Umfang"},{"value":"346","label":"Signatur"},{"value":"15 x 11","label":"Gr\u00f6\u00dfe"},{"value":"Goebel Julius","label":"Fotograf"}]}