{"viewingHint":"paged","service":[],"structures":[],"sequences":[{"canvases":[{"height":4064,"width":5000,"images":[{"resource":{"service":{"profile":"http://iiif.io/api/image/2/level2.json","@context":"http://iiif.io/api/image/2/context.json","@id":"https://archiv.vgben.de/i3f/v20/219109"},"format":"image/jpeg","height":812,"width":1000,"@id":"https://archiv.vgben.de/download/webcache/1000/219109","@type":"dctypes:Image"},"on":"https://archiv.vgben.de/i3f/v20/219091/canvas/219109","motivation":"sc:painting","@id":"https://archiv.vgben.de/i3f/v20/219091/annotation/219109","@type":"oa:Annotation"}],"label":"[1]","@id":"https://archiv.vgben.de/i3f/v20/219091/canvas/219109","@type":"sc:Canvas"}],"viewingHint":"paged","startCanvas":"https://archiv.vgben.de/i3f/v20/219091/canvas/219109","viewingDirection":"left-to-right","label":"Current Page Order","@context":"http://iiif.io/api/presentation/2/context.json","@id":"https://archiv.vgben.de/i3f/v20/219091/sequence/normal","@type":"sc:Sequence"}],"label":"2.3.1. Zeichnungen: 10509: Laden und Werkstatt des Hauses \"Zum Lahntal\"/\"Lahntal\" des Johann Julius (Jean) Berg und Elise geb. Berchem/Christian Kaffine/Philipp Schulz und Maria geb. K\u00f6pper/Hans Alfred Schulz/Karl Christian Schulz/Heinrich Schulz/W. A. Henninger Bad Ems R\u00f6merstra\u00dfe Nr. 55 (64) Flur 92 Nr. 8 (2, 17, 19) - Ansichten, Schnitte, Grundriss und Lageplan","thumbnail":{"width":304,"height":247,"@id":"https://archiv.vgben.de/i3f/v21/219109/full/304/0/default.jpg","@type":"dctypes:Image","format":"image/jpeg"},"logo":{"@id":"https://archiv.vgben.de/domainresource/static/graphics/connectors/viewerLogo.gif","service":{"profile":"http://iiif.io/api/image/2/level2.json","@context":"http://iiif.io/api/image/2/context.json","@id":""}},"@context":"http://iiif.io/api/presentation/2/context.json","seeAlso":{"format":"application/xml","@id":"https://archiv.vgben.de/oai?verb=GetRecord&metadataPrefix=mets&identifier=219091","label":"METS"},"@id":"https://archiv.vgben.de/i3f/v20/219091/manifest","@type":"sc:Manifest","metadata":[{"value":"2.3.1. Zeichnungen","label":"\u00dcbergeordneter Bestand"},{"value":"Werle Wilhelm Architekt Bad Ems [Provenienz] ","label":"K\u00f6rperschaft"},{"value":"1900","label":"Entstehung"},{"value":"M 1 : 100, 1 : 500","label":"Umfang"},{"value":"10509","label":"Signatur"},{"value":"1875/013","label":"Verweis"}]}