{"viewingHint":"paged","service":[],"structures":[],"label":"6. KIRCHE, SCHULE, KULTUR: 6.4. Kultur, Geschichte, 215: M\u00e4rkte und Volksfeste","logo":{"@id":"https://archiv.vgben.de/domainresource/static/graphics/connectors/viewerLogo.gif","service":{"profile":"http://iiif.io/api/image/2/level2.json","@context":"http://iiif.io/api/image/2/context.json","@id":""}},"@context":"http://iiif.io/api/presentation/2/context.json","seeAlso":{"format":"application/xml","@id":"https://archiv.vgben.de/oai?verb=GetRecord&metadataPrefix=mets&identifier=32826","label":"METS"},"@id":"https://archiv.vgben.de/i3f/v20/32826/manifest","@type":"sc:Manifest","metadata":[{"value":"6. KIRCHE, SCHULE, KULTUR","label":"\u00dcbergeordneter Bestand"},{"value":"enth. u.a.: Obstm\u00e4rkte; Bartholom\u00e4usmarkt 1931, 1932, 1934; Hinnerg\u00e4sser Kirmes; Spie\u00dfer Kirmes","label":"Zusammenfassung"},{"value":"1931 - 1952","label":"Entstehung"},{"value":"215","label":"Signatur"},{"value":"M\u00e4rkte\\Volksfeste","label":"Schlagw\u00f6rter"},{"value":"Bad Ems","label":"Geografika"}]}