{"viewingHint":"paged","service":[],"structures":[],"label":"6. KIRCHE, SCHULE, KULTUR: 6.2. Kirche und Religion, 116: Niederschrift einer Besprechung mit der Verbandsgemeindeverwaltung Bad Ems und Pfarrer Stahl wegen der Einrichtung des Kindergartens Fr\u00fccht","logo":{"@id":"https://archiv.vgben.de/domainresource/static/graphics/connectors/viewerLogo.gif","service":{"profile":"http://iiif.io/api/image/2/level2.json","@context":"http://iiif.io/api/image/2/context.json","@id":""}},"@context":"http://iiif.io/api/presentation/2/context.json","seeAlso":{"format":"application/xml","@id":"https://archiv.vgben.de/oai?verb=GetRecord&metadataPrefix=mets&identifier=41418","label":"METS"},"@id":"https://archiv.vgben.de/i3f/v20/41418/manifest","@type":"sc:Manifest","metadata":[{"value":"6. KIRCHE, SCHULE, KULTUR","label":"\u00dcbergeordneter Bestand"},{"value":"1974","label":"Entstehung"},{"value":"116","label":"Signatur"},{"value":"Kindergarten","label":"Schlagw\u00f6rter"},{"value":"Stahl Pfarrer","label":"Personenschlagw\u00f6rter"},{"value":"Fr\u00fccht","label":"Geografika"}]}