{"viewingHint":"paged","service":[],"structures":[],"sequences":[{"canvases":[{"height":645,"width":654,"images":[{"resource":{"service":{"profile":"http://iiif.io/api/image/2/level2.json","@context":"http://iiif.io/api/image/2/context.json","@id":"https://archiv.vgben.de/i3f/v20/74355"},"format":"image/jpeg","height":986,"width":1000,"@id":"https://archiv.vgben.de/download/webcache/1000/74355","@type":"dctypes:Image"},"on":"https://archiv.vgben.de/i3f/v20/74345/canvas/74355","motivation":"sc:painting","@id":"https://archiv.vgben.de/i3f/v20/74345/annotation/74355","@type":"oa:Annotation"}],"label":"[1]","@id":"https://archiv.vgben.de/i3f/v20/74345/canvas/74355","@type":"sc:Canvas"}],"viewingHint":"paged","startCanvas":"https://archiv.vgben.de/i3f/v20/74345/canvas/74355","viewingDirection":"left-to-right","label":"Current Page Order","@context":"http://iiif.io/api/presentation/2/context.json","@id":"https://archiv.vgben.de/i3f/v20/74345/sequence/normal","@type":"sc:Sequence"}],"label":"63: Fronleichnamsprozession 1954 - Altar","thumbnail":{"width":304,"height":299,"@id":"https://archiv.vgben.de/i3f/v21/74355/full/304/0/default.jpg","@type":"dctypes:Image","format":"image/jpeg"},"logo":{"@id":"https://archiv.vgben.de/domainresource/static/graphics/connectors/viewerLogo.gif","service":{"profile":"http://iiif.io/api/image/2/level2.json","@context":"http://iiif.io/api/image/2/context.json","@id":""}},"@context":"http://iiif.io/api/presentation/2/context.json","seeAlso":{"format":"application/xml","@id":"https://archiv.vgben.de/oai?verb=GetRecord&metadataPrefix=mets&identifier=74345","label":"METS"},"@id":"https://archiv.vgben.de/i3f/v20/74345/manifest","@type":"sc:Manifest","metadata":[{"value":"1954","label":"Entstehung"},{"value":"1 Foto S/W Pos.","label":"Umfang"},{"value":"63","label":"Signatur"},{"value":"Altar  / Fronleichnamsprozession","label":"Schlagw\u00f6rter"},{"value":"6 x 6","label":"Gr\u00f6\u00dfe"}]}