{"viewingHint":"paged","service":[],"structures":[],"sequences":[{"canvases":[{"height":3638,"width":2131,"images":[{"resource":{"service":{"profile":"http://iiif.io/api/image/2/level2.json","@context":"http://iiif.io/api/image/2/context.json","@id":"https://archiv.vgben.de/i3f/v20/78938"},"format":"image/jpeg","height":1707,"width":1000,"@id":"https://archiv.vgben.de/download/webcache/1000/78938","@type":"dctypes:Image"},"on":"https://archiv.vgben.de/i3f/v20/76258/canvas/78938","motivation":"sc:painting","@id":"https://archiv.vgben.de/i3f/v20/76258/annotation/78938","@type":"oa:Annotation"}],"label":"[1]","@id":"https://archiv.vgben.de/i3f/v20/76258/canvas/78938","@type":"sc:Canvas"},{"height":3537,"width":2089,"images":[{"resource":{"service":{"profile":"http://iiif.io/api/image/2/level2.json","@context":"http://iiif.io/api/image/2/context.json","@id":"https://archiv.vgben.de/i3f/v20/78939"},"format":"image/jpeg","height":1693,"width":1000,"@id":"https://archiv.vgben.de/download/webcache/1000/78939","@type":"dctypes:Image"},"on":"https://archiv.vgben.de/i3f/v20/76258/canvas/78939","motivation":"sc:painting","@id":"https://archiv.vgben.de/i3f/v20/76258/annotation/78939","@type":"oa:Annotation"}],"label":"[2]","@id":"https://archiv.vgben.de/i3f/v20/76258/canvas/78939","@type":"sc:Canvas"},{"height":3594,"width":2147,"images":[{"resource":{"service":{"profile":"http://iiif.io/api/image/2/level2.json","@context":"http://iiif.io/api/image/2/context.json","@id":"https://archiv.vgben.de/i3f/v20/78940"},"format":"image/jpeg","height":1673,"width":1000,"@id":"https://archiv.vgben.de/download/webcache/1000/78940","@type":"dctypes:Image"},"on":"https://archiv.vgben.de/i3f/v20/76258/canvas/78940","motivation":"sc:painting","@id":"https://archiv.vgben.de/i3f/v20/76258/annotation/78940","@type":"oa:Annotation"}],"label":"[3]","@id":"https://archiv.vgben.de/i3f/v20/76258/canvas/78940","@type":"sc:Canvas"}],"viewingHint":"paged","startCanvas":"https://archiv.vgben.de/i3f/v20/76258/canvas/78938","viewingDirection":"left-to-right","label":"Current Page Order","@context":"http://iiif.io/api/presentation/2/context.json","@id":"https://archiv.vgben.de/i3f/v20/76258/sequence/normal","@type":"sc:Sequence"}],"label":"2. BAUWESEN: 2.3. Geb\u00e4udeakten, 92_1864_02_02: Gesch\u00e4ft im Erdgeschoss des Hauses \"Zum goldenen Hufeisen\"/\"Badischer Hof\" des Ludwig Unverzagt und Catharine geb. M\u00fcller/Karl Unverzagt/Eigent\u00fcmer (Minna Unverzagt und Berta Unverzagt)/Dr. med. Karl Unverzagt Bad Ems Lahnstra\u00dfe 8 Flur 84 Nr. 22","thumbnail":{"width":304,"height":518,"@id":"https://archiv.vgben.de/i3f/v21/78938/full/304/0/default.jpg","@type":"dctypes:Image","format":"image/jpeg"},"logo":{"@id":"https://archiv.vgben.de/domainresource/static/graphics/connectors/viewerLogo.gif","service":{"profile":"http://iiif.io/api/image/2/level2.json","@context":"http://iiif.io/api/image/2/context.json","@id":""}},"@context":"http://iiif.io/api/presentation/2/context.json","seeAlso":{"format":"application/xml","@id":"https://archiv.vgben.de/oai?verb=GetRecord&metadataPrefix=mets&identifier=76258","label":"METS"},"@id":"https://archiv.vgben.de/i3f/v20/76258/manifest","@type":"sc:Manifest","metadata":[{"value":"2. BAUWESEN","label":"\u00dcbergeordneter Bestand"},{"value":"1864","label":"Entstehung"},{"value":"92_1864_02_02","label":"Signatur"},{"value":"82_1854_06_01, 86_1858_09_25, 90_1862_12_04,","label":"Verweis"}]}