{"viewingHint":"paged","service":[],"structures":[],"sequences":[{"canvases":[{"height":1847,"width":1518,"images":[{"resource":{"service":{"profile":"http://iiif.io/api/image/2/level2.json","@context":"http://iiif.io/api/image/2/context.json","@id":"https://archiv.vgben.de/i3f/v20/219162"},"format":"image/jpeg","height":1216,"width":1000,"@id":"https://archiv.vgben.de/download/webcache/1000/219162","@type":"dctypes:Image"},"on":"https://archiv.vgben.de/i3f/v20/88143/canvas/219162","motivation":"sc:painting","@id":"https://archiv.vgben.de/i3f/v20/88143/annotation/219162","@type":"oa:Annotation"}],"label":"[1]","@id":"https://archiv.vgben.de/i3f/v20/88143/canvas/219162","@type":"sc:Canvas"},{"height":3111,"width":1979,"images":[{"resource":{"service":{"profile":"http://iiif.io/api/image/2/level2.json","@context":"http://iiif.io/api/image/2/context.json","@id":"https://archiv.vgben.de/i3f/v20/219163"},"format":"image/jpeg","height":1572,"width":1000,"@id":"https://archiv.vgben.de/download/webcache/1000/219163","@type":"dctypes:Image"},"on":"https://archiv.vgben.de/i3f/v20/88143/canvas/219163","motivation":"sc:painting","@id":"https://archiv.vgben.de/i3f/v20/88143/annotation/219163","@type":"oa:Annotation"}],"label":"[2]","@id":"https://archiv.vgben.de/i3f/v20/88143/canvas/219163","@type":"sc:Canvas"},{"height":3121,"width":1982,"images":[{"resource":{"service":{"profile":"http://iiif.io/api/image/2/level2.json","@context":"http://iiif.io/api/image/2/context.json","@id":"https://archiv.vgben.de/i3f/v20/219164"},"format":"image/jpeg","height":1574,"width":1000,"@id":"https://archiv.vgben.de/download/webcache/1000/219164","@type":"dctypes:Image"},"on":"https://archiv.vgben.de/i3f/v20/88143/canvas/219164","motivation":"sc:painting","@id":"https://archiv.vgben.de/i3f/v20/88143/annotation/219164","@type":"oa:Annotation"}],"label":"[3]","@id":"https://archiv.vgben.de/i3f/v20/88143/canvas/219164","@type":"sc:Canvas"},{"height":2668,"width":1909,"images":[{"resource":{"service":{"profile":"http://iiif.io/api/image/2/level2.json","@context":"http://iiif.io/api/image/2/context.json","@id":"https://archiv.vgben.de/i3f/v20/219165"},"format":"image/jpeg","height":1397,"width":1000,"@id":"https://archiv.vgben.de/download/webcache/1000/219165","@type":"dctypes:Image"},"on":"https://archiv.vgben.de/i3f/v20/88143/canvas/219165","motivation":"sc:painting","@id":"https://archiv.vgben.de/i3f/v20/88143/annotation/219165","@type":"oa:Annotation"}],"label":"[4]","@id":"https://archiv.vgben.de/i3f/v20/88143/canvas/219165","@type":"sc:Canvas"}],"viewingHint":"paged","startCanvas":"https://archiv.vgben.de/i3f/v20/88143/canvas/219162","viewingDirection":"left-to-right","label":"Current Page Order","@context":"http://iiif.io/api/presentation/2/context.json","@id":"https://archiv.vgben.de/i3f/v20/88143/sequence/normal","@type":"sc:Sequence"}],"label":"2. BAUWESEN: 2.3. Geb\u00e4udeakten, 113_1885_04_07: Waschk\u00fcche und Kamine des Hauses \"Zum Lahntal\"/\"Lahntal\" des Heinrich Ritzel/Johann Julius (Jean) Berg und Elise geb. Berchem/Christian Kaffine/Philipp Schulz und Maria geb. K\u00f6pper/Hans Alfred Schulz/Karl Christian Schulz/Heinrich Schulz/W. A. Henninger Bad Ems R\u00f6merstra\u00dfe Nr. 55 (64) Flur 92 Nr. 8 (2, 17, 19)","thumbnail":{"width":304,"height":369,"@id":"https://archiv.vgben.de/i3f/v21/219162/full/304/0/default.jpg","@type":"dctypes:Image","format":"image/jpeg"},"logo":{"@id":"https://archiv.vgben.de/domainresource/static/graphics/connectors/viewerLogo.gif","service":{"profile":"http://iiif.io/api/image/2/level2.json","@context":"http://iiif.io/api/image/2/context.json","@id":""}},"@context":"http://iiif.io/api/presentation/2/context.json","seeAlso":{"format":"application/xml","@id":"https://archiv.vgben.de/oai?verb=GetRecord&metadataPrefix=mets&identifier=88143","label":"METS"},"@id":"https://archiv.vgben.de/i3f/v20/88143/manifest","@type":"sc:Manifest","metadata":[{"value":"2. BAUWESEN","label":"\u00dcbergeordneter Bestand"},{"value":"1885","label":"Entstehung"},{"value":"113_1885_04_07","label":"Signatur"},{"value":"12089","label":"Verweis"},{"value":"Zeichnung.","label":"Entnommen"}]}