{"viewingHint":"paged","service":[],"structures":[],"sequences":[{"canvases":[{"height":3313,"width":1766,"images":[{"resource":{"service":{"profile":"http://iiif.io/api/image/2/level2.json","@context":"http://iiif.io/api/image/2/context.json","@id":"https://archiv.vgben.de/i3f/v20/101296"},"format":"image/jpeg","height":1875,"width":1000,"@id":"https://archiv.vgben.de/download/webcache/1000/101296","@type":"dctypes:Image"},"on":"https://archiv.vgben.de/i3f/v20/88221/canvas/101296","motivation":"sc:painting","@id":"https://archiv.vgben.de/i3f/v20/88221/annotation/101296","@type":"oa:Annotation"}],"label":"[1]","@id":"https://archiv.vgben.de/i3f/v20/88221/canvas/101296","@type":"sc:Canvas"}],"viewingHint":"paged","startCanvas":"https://archiv.vgben.de/i3f/v20/88221/canvas/101296","viewingDirection":"left-to-right","label":"Current Page Order","@context":"http://iiif.io/api/presentation/2/context.json","@id":"https://archiv.vgben.de/i3f/v20/88221/sequence/normal","@type":"sc:Sequence"}],"label":"2.3.1. Zeichnungen: 10888: Fotografen-Atelier des Adam H\u00fcbinger hinter der G\u00e4rtnerwohnung an Huyns Gartenhaus/des Hauses \"Kaiser von \u00d6sterreich\" des Peter Nicolaus Huyn/Friedrich Huyn und Josephine geb. Demontzey/Friedrich Schwarz/Karl Schwarz und Anna geb. de Vries/Anna Babatz geb. Schwarz/Hermine Wenz geb. Schwarz/Emmi L\u00fctt geb. Schwarz/Elisabeth Schwarz Bad Ems R\u00f6merstra\u00dfe Nr. 27 Flur 91 Nr. 32 - Ansichten, Schnitt, Grundriss und Lageplan","thumbnail":{"width":304,"height":570,"@id":"https://archiv.vgben.de/i3f/v21/101296/full/304/0/default.jpg","@type":"dctypes:Image","format":"image/jpeg"},"logo":{"@id":"https://archiv.vgben.de/domainresource/static/graphics/connectors/viewerLogo.gif","service":{"profile":"http://iiif.io/api/image/2/level2.json","@context":"http://iiif.io/api/image/2/context.json","@id":""}},"@context":"http://iiif.io/api/presentation/2/context.json","seeAlso":{"format":"application/xml","@id":"https://archiv.vgben.de/oai?verb=GetRecord&metadataPrefix=mets&identifier=88221","label":"METS"},"@id":"https://archiv.vgben.de/i3f/v20/88221/manifest","@type":"sc:Manifest","metadata":[{"value":"2.3.1. Zeichnungen","label":"\u00dcbergeordneter Bestand"},{"value":"Werner C./Goebel Heinrich [Provenienz] ","label":"K\u00f6rperschaft"},{"value":"1878","label":"Entstehung"},{"value":"10888","label":"Signatur"},{"value":"107_1878_05_02","label":"Verweis"}]}