{"viewingHint":"paged","service":[],"structures":[],"sequences":[{"canvases":[{"height":4725,"width":6650,"images":[{"resource":{"service":{"profile":"http://iiif.io/api/image/2/level2.json","@context":"http://iiif.io/api/image/2/context.json","@id":"https://archiv.vgben.de/i3f/v20/115156"},"format":"image/jpeg","height":710,"width":1000,"@id":"https://archiv.vgben.de/download/webcache/1000/115156","@type":"dctypes:Image"},"on":"https://archiv.vgben.de/i3f/v20/94974/canvas/115156","motivation":"sc:painting","@id":"https://archiv.vgben.de/i3f/v20/94974/annotation/115156","@type":"oa:Annotation"}],"label":"[1]","@id":"https://archiv.vgben.de/i3f/v20/94974/canvas/115156","@type":"sc:Canvas"}],"viewingHint":"paged","startCanvas":"https://archiv.vgben.de/i3f/v20/94974/canvas/115156","viewingDirection":"left-to-right","label":"Current Page Order","@context":"http://iiif.io/api/presentation/2/context.json","@id":"https://archiv.vgben.de/i3f/v20/94974/sequence/normal","@type":"sc:Sequence"}],"label":"2.3.1. Zeichnungen: 10961: Umbau Tor in Gesch\u00e4fte des Huyns Gartenhaus/des Hauses \"Prinz von Oranien\" der Gesellschaft zur Hebung der Kur- und Badeindustrie/Friedrich Schwarz/Karl Schwarz und Anna geb. de Vries/Anna Babatz geb. Schwarz/Hermine Wenz geb. Schwarz/Emmi L\u00fctt geb. Schwarz/Elisabeth Schwarz Bad Ems R\u00f6merstra\u00dfe Nr. 26 Flur 91 Nr. 31 - Ansichten, Schnitt, Grundrisse und Lageplan","thumbnail":{"width":304,"height":216,"@id":"https://archiv.vgben.de/i3f/v21/115156/full/304/0/default.jpg","@type":"dctypes:Image","format":"image/jpeg"},"logo":{"@id":"https://archiv.vgben.de/domainresource/static/graphics/connectors/viewerLogo.gif","service":{"profile":"http://iiif.io/api/image/2/level2.json","@context":"http://iiif.io/api/image/2/context.json","@id":""}},"@context":"http://iiif.io/api/presentation/2/context.json","seeAlso":{"format":"application/xml","@id":"https://archiv.vgben.de/oai?verb=GetRecord&metadataPrefix=mets&identifier=94974","label":"METS"},"@id":"https://archiv.vgben.de/i3f/v20/94974/manifest","@type":"sc:Manifest","metadata":[{"value":"2.3.1. Zeichnungen","label":"\u00dcbergeordneter Bestand"},{"value":"Werner C. [Provenienz] ","label":"K\u00f6rperschaft"},{"value":"1877","label":"Entstehung"},{"value":"10961","label":"Signatur"},{"value":"106_1877_12_24","label":"Verweis"}]}