{"viewingHint":"paged","service":[],"structures":[],"sequences":[{"canvases":[{"height":3748,"width":3609,"images":[{"resource":{"service":{"profile":"http://iiif.io/api/image/2/level2.json","@context":"http://iiif.io/api/image/2/context.json","@id":"https://archiv.vgben.de/i3f/v20/115163"},"format":"image/jpeg","height":1038,"width":1000,"@id":"https://archiv.vgben.de/download/webcache/1000/115163","@type":"dctypes:Image"},"on":"https://archiv.vgben.de/i3f/v20/94980/canvas/115163","motivation":"sc:painting","@id":"https://archiv.vgben.de/i3f/v20/94980/annotation/115163","@type":"oa:Annotation"}],"label":"[1]","@id":"https://archiv.vgben.de/i3f/v20/94980/canvas/115163","@type":"sc:Canvas"}],"viewingHint":"paged","startCanvas":"https://archiv.vgben.de/i3f/v20/94980/canvas/115163","viewingDirection":"left-to-right","label":"Current Page Order","@context":"http://iiif.io/api/presentation/2/context.json","@id":"https://archiv.vgben.de/i3f/v20/94980/sequence/normal","@type":"sc:Sequence"}],"label":"2.3.1. Zeichnungen: 10981: Anbau des Hauses \"Zum Schwanen\"/\"Zur Stadt Frankfurt\"/\"Frankfurter Hof\" des Wilhelm Jakob Balzer/Peter V\u00f6lker/Charlotte Linscheid geb. Fl\u00f6ck/Dr. Karl Linscheid Bad Ems R\u00f6merstra\u00dfe Nr. 72 (68) (In der Behrga\u00df/In der Baarga\u00dfen) Flur 98 Nr. 143/69 - Lageplan mit alter und neuer Bleichstra\u00dfe","thumbnail":{"width":304,"height":315,"@id":"https://archiv.vgben.de/i3f/v21/115163/full/304/0/default.jpg","@type":"dctypes:Image","format":"image/jpeg"},"logo":{"@id":"https://archiv.vgben.de/domainresource/static/graphics/connectors/viewerLogo.gif","service":{"profile":"http://iiif.io/api/image/2/level2.json","@context":"http://iiif.io/api/image/2/context.json","@id":""}},"@context":"http://iiif.io/api/presentation/2/context.json","seeAlso":{"format":"application/xml","@id":"https://archiv.vgben.de/oai?verb=GetRecord&metadataPrefix=mets&identifier=94980","label":"METS"},"@id":"https://archiv.vgben.de/i3f/v20/94980/manifest","@type":"sc:Manifest","metadata":[{"value":"2.3.1. Zeichnungen","label":"\u00dcbergeordneter Bestand"},{"value":"Gierke Stadtbaumeister Bad Ems [Provenienz] ","label":"K\u00f6rperschaft"},{"value":"1876","label":"Entstehung"},{"value":"M 1 : 500","label":"Umfang"},{"value":"10981","label":"Signatur"},{"value":"105_1876_07_24","label":"Verweis"}]}